{"id":602,"date":"2011-01-30T17:04:31","date_gmt":"2011-01-30T16:04:31","guid":{"rendered":"http:\/\/www.tsc-neptun-nordhausen.de\/?p=602"},"modified":"2011-02-10T10:29:35","modified_gmt":"2011-02-10T09:29:35","slug":"sportgala-nordhausen-2011","status":"publish","type":"post","link":"https:\/\/tsc-neptun-nordhausen.de\/wordpress\/2011\/01\/30\/sportgala-nordhausen-2011\/","title":{"rendered":"Sportgala Nordhausen 2011"},"content":{"rendered":"<p>Am 28.01.2011 startete in der Ballspielhalle in Nordhausen die Sportgala 2011. Es war die 17. Veranstaltung dieser Art, welche der Kreissportbund \u00a0Nordhausen als Tr\u00e4ger veranstaltete.<\/p>\n<p>Ich nahm erstmals als 1. Vorsitzender\u00a0 an dieser Veranstaltung teil (nach Absprache mit Steffen).<br \/>\n<!--more--><\/p>\n<blockquote>\n<p style=\"text-align: justify;\">In Dankbarkeit f\u00fcr die gemeinsame Zusammenarbeit im gesch\u00e4ftsf\u00fchrenden Vorstand im Zeitraum von 2003 bis ins Jahr 2009 hinein, habe ich die pers\u00f6nliche Entscheidung getroffen unser Vereinsmitglied Michael M\u00fcller zu bitten, dass wir diese Veranstaltung gemeinsam aufsuchen. Michael war im September\u00a0 2003, in einer f\u00fcr unseren Verein schwierigen Phase und als noch relativ neues Mitglied in unserem Verein bereit, Verantwortung im gesch\u00e4ftsf\u00fchrenden Vorstand zu \u00fcbernehmen. \u00dcber weite Strecken seines Wirkungszeitraums im gesch\u00e4ftsf\u00fchrenden Vorstand \u00fcbernahm Michael gar 2 Posten. Sein Wirken, w\u00e4hrend des Zeitraumes in dem er dem \u00a0gesch. Vorstand zur Verf\u00fcgung stand,\u00a0 war stets gepr\u00e4gt vom Grundsatz der Nachhaltigkeit im Interesse des Vereins. Durch sein ruhiges und bescheidenes Auftreten ist er bei unseren Mitgliedern wie auch unseren G\u00e4sten und nicht zuletzt auch bei unseren befreundeten Tauchern sehr angesehen und beliebt. Auf diesem Wege m\u00f6chte ich mich ganz pers\u00f6nlich, f\u00fcr die gemeinsame, sehr fruchtbringende und angenehme Zusammenarbeit\u00a0 mit Michael an dieser Stelle, hiermit \u00f6ffentlich, herzlich bedanken!<\/p>\n<\/blockquote>\n<p style=\"text-align: justify;\">Nun mehr zur Veranstaltung: Die Sportgala 2011 bot neben Musik, Kultur Programm und Buffet auch die M\u00f6glichkeit nette Gespr\u00e4che mit Menschen aus Politik, Wirtschaft und nat\u00fcrlich Sport zu f\u00fchren. Kulturell sind \u201eDie Marghonas\u201c, \u201e Medicine Bridge\u201c und \u201e Bartlos \u201c aufgetreten.H\u00f6hepunkt war nat\u00fcrlich die Bekanntgabe von Sieger und Platzierungen der Sportlerin, Sportler und Mannschaft des Jahres.<\/p>\n<p style=\"text-align: justify;\">Im Bild links der Sportlerreihe ist die gek\u00fcrte Sportlerin des Jahres 2011 Kristin Ungefroren vom Nordh\u00e4user SV (Boxen) zu sehen.<\/p>\n<p style=\"text-align: justify;\">Bei den M\u00e4nnern wurde Stefan Fuhrmann (Handballer) Sportler des Jahres.<\/p>\n<p style=\"text-align: justify;\">Die Box\u2013Staffel wurde Mannschaft des Jahres 2011.<\/p>\n<p>Gruss Axel<\/p>\n<p><a href=\"https:\/\/tsc-neptun-nordhausen.de\/wordpress\/wp-content\/uploads\/2011\/01\/Die-Kandidaten-zum-Titel-Sportlerin-des-Jahres-2011.jpg\"><img loading=\"lazy\" decoding=\"async\" class=\"alignnone size-thumbnail wp-image-603\" title=\"Die Kandidaten zum Titel Sportlerin des Jahres 2011\" src=\"https:\/\/tsc-neptun-nordhausen.de\/wordpress\/wp-content\/uploads\/2011\/01\/Die-Kandidaten-zum-Titel-Sportlerin-des-Jahres-2011-150x150.jpg\" alt=\"\" width=\"150\" height=\"150\" \/><\/a> <a href=\"https:\/\/tsc-neptun-nordhausen.de\/wordpress\/wp-content\/uploads\/2011\/01\/Die-Marghonas-bei-iher-Vorf\u00fchrung.jpg\"><img loading=\"lazy\" decoding=\"async\" class=\"alignnone size-thumbnail wp-image-604\" title=\"Die Marghonas bei iher Vorf\u00fchrung\" src=\"https:\/\/tsc-neptun-nordhausen.de\/wordpress\/wp-content\/uploads\/2011\/01\/Die-Marghonas-bei-iher-Vorf\u00fchrung-150x150.jpg\" alt=\"\" width=\"150\" height=\"150\" \/><\/a> <a href=\"https:\/\/tsc-neptun-nordhausen.de\/wordpress\/wp-content\/uploads\/2011\/01\/Michael-und-Axel-auf-der-Sportgala-2011.jpg\"><img loading=\"lazy\" decoding=\"async\" class=\"alignnone size-thumbnail wp-image-605\" title=\"Michael und Axel auf der Sportgala 2011\" src=\"https:\/\/tsc-neptun-nordhausen.de\/wordpress\/wp-content\/uploads\/2011\/01\/Michael-und-Axel-auf-der-Sportgala-2011-150x150.jpg\" alt=\"\" width=\"150\" height=\"150\" \/><\/a><\/p>\n","protected":false},"excerpt":{"rendered":"<p>Am 28.01.2011 startete in der Ballspielhalle in Nordhausen die Sportgala 2011. Es war die 17. Veranstaltung dieser Art, welche der Kreissportbund \u00a0Nordhausen als Tr\u00e4ger veranstaltete. Ich nahm erstmals als 1. Vorsitzender\u00a0 an dieser Veranstaltung teil (nach Absprache mit Steffen).<\/p>\n","protected":false},"author":1,"featured_media":0,"comment_status":"closed","ping_status":"open","sticky":false,"template":"","format":"standard","meta":{"ngg_post_thumbnail":0,"footnotes":""},"categories":[1],"tags":[],"class_list":["post-602","post","type-post","status-publish","format-standard","hentry","category-news"],"aioseo_notices":[],"_links":{"self":[{"href":"https:\/\/tsc-neptun-nordhausen.de\/wordpress\/wp-json\/wp\/v2\/posts\/602","targetHints":{"allow":["GET"]}}],"collection":[{"href":"https:\/\/tsc-neptun-nordhausen.de\/wordpress\/wp-json\/wp\/v2\/posts"}],"about":[{"href":"https:\/\/tsc-neptun-nordhausen.de\/wordpress\/wp-json\/wp\/v2\/types\/post"}],"author":[{"embeddable":true,"href":"https:\/\/tsc-neptun-nordhausen.de\/wordpress\/wp-json\/wp\/v2\/users\/1"}],"replies":[{"embeddable":true,"href":"https:\/\/tsc-neptun-nordhausen.de\/wordpress\/wp-json\/wp\/v2\/comments?post=602"}],"version-history":[{"count":0,"href":"https:\/\/tsc-neptun-nordhausen.de\/wordpress\/wp-json\/wp\/v2\/posts\/602\/revisions"}],"wp:attachment":[{"href":"https:\/\/tsc-neptun-nordhausen.de\/wordpress\/wp-json\/wp\/v2\/media?parent=602"}],"wp:term":[{"taxonomy":"category","embeddable":true,"href":"https:\/\/tsc-neptun-nordhausen.de\/wordpress\/wp-json\/wp\/v2\/categories?post=602"},{"taxonomy":"post_tag","embeddable":true,"href":"https:\/\/tsc-neptun-nordhausen.de\/wordpress\/wp-json\/wp\/v2\/tags?post=602"}],"curies":[{"name":"wp","href":"https:\/\/api.w.org\/{rel}","templated":true}]}}